{"id":2363,"date":"2024-12-03T11:39:55","date_gmt":"2024-12-03T11:39:55","guid":{"rendered":"https:\/\/www.brulerie-chatelet.fr\/?p=2363"},"modified":"2025-02-19T13:48:28","modified_gmt":"2025-02-19T13:48:28","slug":"le-saviez-vous-dou-vient-le-mot-brulerie","status":"publish","type":"post","link":"https:\/\/www.brulerie-chatelet.fr\/?p=2363","title":{"rendered":"Le saviez-vous : D&rsquo;o\u00f9 vient le mot \u00ab\u00a0Br\u00fblerie\u00a0\u00bb ?"},"content":{"rendered":"\t\t<div data-elementor-type=\"wp-post\" data-elementor-id=\"2363\" class=\"elementor elementor-2363\" data-elementor-post-type=\"post\">\n\t\t\t\t\t\t<section class=\"elementor-section elementor-top-section elementor-element elementor-element-6059a6fe elementor-section-boxed elementor-section-height-default elementor-section-height-default\" data-id=\"6059a6fe\" data-element_type=\"section\" data-e-type=\"section\">\n\t\t\t\t\t\t<div class=\"elementor-container elementor-column-gap-default\">\n\t\t\t\t\t<div class=\"elementor-column elementor-col-100 elementor-top-column elementor-element elementor-element-46ba6397\" data-id=\"46ba6397\" data-element_type=\"column\" data-e-type=\"column\">\n\t\t\t<div class=\"elementor-widget-wrap elementor-element-populated\">\n\t\t\t\t\t\t<div class=\"elementor-element elementor-element-4629aae elementor-widget elementor-widget-image\" data-id=\"4629aae\" data-element_type=\"widget\" data-e-type=\"widget\" data-widget_type=\"image.default\">\n\t\t\t\t<div class=\"elementor-widget-container\">\n\t\t\t\t\t\t\t\t\t\t\t\t\t\t\t<img fetchpriority=\"high\" decoding=\"async\" width=\"768\" height=\"512\" src=\"https:\/\/www.brulerie-chatelet.fr\/wp-content\/uploads\/2024\/12\/pexels-apasaric-2711959-768x512.jpg\" class=\"attachment-medium_large size-medium_large wp-image-2424\" alt=\"Torr\u00e9faction traditionnelle\" srcset=\"https:\/\/www.brulerie-chatelet.fr\/wp-content\/uploads\/2024\/12\/pexels-apasaric-2711959-768x512.jpg 768w, https:\/\/www.brulerie-chatelet.fr\/wp-content\/uploads\/2024\/12\/pexels-apasaric-2711959-300x200.jpg 300w, https:\/\/www.brulerie-chatelet.fr\/wp-content\/uploads\/2024\/12\/pexels-apasaric-2711959-1024x683.jpg 1024w, https:\/\/www.brulerie-chatelet.fr\/wp-content\/uploads\/2024\/12\/pexels-apasaric-2711959-1536x1024.jpg 1536w, https:\/\/www.brulerie-chatelet.fr\/wp-content\/uploads\/2024\/12\/pexels-apasaric-2711959-1320x880.jpg 1320w, https:\/\/www.brulerie-chatelet.fr\/wp-content\/uploads\/2024\/12\/pexels-apasaric-2711959-600x400.jpg 600w, https:\/\/www.brulerie-chatelet.fr\/wp-content\/uploads\/2024\/12\/pexels-apasaric-2711959.jpg 1882w\" sizes=\"(max-width: 768px) 100vw, 768px\" \/>\t\t\t\t\t\t\t\t\t\t\t\t\t\t\t<\/div>\n\t\t\t\t<\/div>\n\t\t\t\t<div class=\"elementor-element elementor-element-6b3c0a99 elementor-widget elementor-widget-text-editor\" data-id=\"6b3c0a99\" data-element_type=\"widget\" data-e-type=\"widget\" data-widget_type=\"text-editor.default\">\n\t\t\t\t<div class=\"elementor-widget-container\">\n\t\t\t\t\t\t\t\t\t\n<p>Quand on parle de caf\u00e9, les mots qui nous viennent \u00e0 l&rsquo;esprit sont souvent ceux li\u00e9s \u00e0 ses ar\u00f4mes, ses saveurs, ou encore aux rituels qui entourent sa consommation. Pourtant, un mot tout aussi \u00e9vocateur a su s\u2019inscrire dans l\u2019univers du caf\u00e9 en France : <strong>\u00ab\u00a0br\u00fblerie\u00a0\u00bb<\/strong>. Aujourd&rsquo;hui, il d\u00e9signe ces ateliers o\u00f9 le caf\u00e9 vert est torr\u00e9fi\u00e9 pour en r\u00e9v\u00e9ler toute la richesse aromatique. Mais pourquoi \u00ab\u00a0br\u00fblerie\u00a0\u00bb ? Quel est l\u2019histoire derri\u00e8re ce terme qui \u00e9voque \u00e0 la fois un savoir-faire artisanal et une odeur si reconnaissable ? Plongeons ensemble dans les origines de ce mot et son lien avec la torr\u00e9faction du caf\u00e9.<\/p>\n<hr class=\"wp-block-separator has-alpha-channel-opacity\" \/>\n<h2 class=\"wp-block-heading\"><strong>Le contexte historique : Quand le caf\u00e9 arrive en Europe<\/strong><\/h2>\n\n<p>Avant de parler de br\u00fbleries, il faut remonter aux origines de la consommation de caf\u00e9 en Europe. Introduit au XVIe si\u00e8cle par des marchands arabes et ottomans, le caf\u00e9 commence \u00e0 se diffuser dans les grandes villes europ\u00e9ennes au XVIIe si\u00e8cle. \u00c0 cette \u00e9poque, les grains de caf\u00e9 sont encore verts lorsqu\u2019ils arrivent sur le Vieux Continent. La torr\u00e9faction, \u00e9tape essentielle pour transformer ces grains en une boisson aromatique, est alors r\u00e9alis\u00e9e de mani\u00e8re artisanale, souvent \u00e0 la maison ou dans de petites boutiques sp\u00e9cialis\u00e9es.<\/p>\n\n<p>C&rsquo;est dans ce contexte que na\u00eet le besoin d\u2019espaces d\u00e9di\u00e9s \u00e0 la torr\u00e9faction, o\u00f9 l\u2019on peut contr\u00f4ler ce processus complexe et garantir un produit final de qualit\u00e9. Ces lieux, appel\u00e9s \u00ab\u00a0br\u00fbleries\u00a0\u00bb, commencent \u00e0 appara\u00eetre dans les grandes villes fran\u00e7aises comme Paris, Lyon ou Marseille, o\u00f9 la culture du caf\u00e9 s&rsquo;enracine profond\u00e9ment d\u00e8s le XVIIIe si\u00e8cle.<\/p>\n<hr class=\"wp-block-separator has-alpha-channel-opacity\" \/>\n<h2 class=\"wp-block-heading\"><strong>Pourquoi \u00ab\u00a0br\u00fblerie\u00a0\u00bb ? Une origine qui \u00e9voque le feu et la chaleur<\/strong><\/h2>\n\n<p>Le mot \u00ab\u00a0br\u00fblerie\u00a0\u00bb trouve ses racines dans le verbe <strong>\u00ab\u00a0br\u00fbler\u00a0\u00bb<\/strong>, qui signifie \u00ab\u00a0soumettre \u00e0 une chaleur intense\u00a0\u00bb. Cela fait directement r\u00e9f\u00e9rence au processus de torr\u00e9faction, o\u00f9 les grains de caf\u00e9 sont chauff\u00e9s \u00e0 des temp\u00e9ratures \u00e9lev\u00e9es (entre 180 et 240 \u00b0C) pour d\u00e9velopper leurs ar\u00f4mes.<\/p>\n\n<p>Mais pourquoi utiliser un mot qui semble sugg\u00e9rer quelque chose de n\u00e9gatif ? Apr\u00e8s tout, \u00ab\u00a0br\u00fbler\u00a0\u00bb \u00e9voque aussi l\u2019id\u00e9e de carboniser ou d\u2019endommager un aliment. Ici, le choix du mot s\u2019explique par l\u2019odeur caract\u00e9ristique qui se d\u00e9gage lors de la torr\u00e9faction. Ceux qui ont d\u00e9j\u00e0 visit\u00e9 une br\u00fblerie savent combien cette odeur est marquante : \u00e0 mi-chemin entre le fum\u00e9, le grill\u00e9 et les notes de noisette. Ce parfum si particulier a probablement inspir\u00e9 l\u2019association avec l\u2019id\u00e9e de \u00ab\u00a0br\u00fbler\u00a0\u00bb.<\/p>\n\n<p>De plus, \u00e0 une \u00e9poque o\u00f9 la ma\u00eetrise fine des temp\u00e9ratures n\u2019\u00e9tait pas aussi pr\u00e9cise qu\u2019aujourd\u2019hui, la torr\u00e9faction pouvait facilement tourner \u00e0 l\u2019\u00e9chec : un grain trop chauff\u00e9 devenait litt\u00e9ralement br\u00fbl\u00e9. Le terme \u00ab\u00a0br\u00fblerie\u00a0\u00bb aurait ainsi pu na\u00eetre d\u2019une observation directe du processus, avec une pointe d\u2019autod\u00e9rision face aux al\u00e9as de cette pratique artisanale.<\/p>\n<hr class=\"wp-block-separator has-alpha-channel-opacity\" \/>\n<h2 class=\"wp-block-heading\"><strong>La br\u00fblerie : un espace artisanal au c\u0153ur des villes<\/strong><\/h2>\n\n<p>D\u00e8s le XVIIIe si\u00e8cle, les br\u00fbleries deviennent des lieux incontournables pour les amateurs de caf\u00e9. Ces ateliers ne se contentent pas de torr\u00e9fier le caf\u00e9, ils incarnent aussi une certaine convivialit\u00e9. Les clients viennent souvent chercher leur caf\u00e9 fra\u00eechement torr\u00e9fi\u00e9, parfois encore chaud, accompagn\u00e9 de conseils pour bien le pr\u00e9parer.<\/p>\n\n<p>En France, la br\u00fblerie a toujours eu une dimension artisanale. Contrairement aux grandes industries qui produisent du caf\u00e9 en masse, les br\u00fbleries privil\u00e9gient une approche de proximit\u00e9. Chaque \u00e9tape, du choix des grains \u00e0 la torr\u00e9faction, est pens\u00e9e avec soin pour r\u00e9pondre aux go\u00fbts des consommateurs locaux. Cela a permis aux br\u00fbleries de conserver une place centrale dans la culture du caf\u00e9, m\u00eame face \u00e0 l\u2019essor des grandes marques de caf\u00e9 pr\u00e9emball\u00e9.<\/p>\n<hr class=\"wp-block-separator has-alpha-channel-opacity\" \/>\n<h2 class=\"wp-block-heading\"><strong>L&rsquo;\u00e9volution du terme \u00e0 travers le temps<\/strong><\/h2>\n\n<p>Au fil des si\u00e8cles, l\u2019image des br\u00fbleries a \u00e9volu\u00e9, tout comme la perception du mot lui-m\u00eame. \u00c0 l\u2019origine, la br\u00fblerie \u00e9tait simplement un atelier de torr\u00e9faction. Mais avec l\u2019\u00e9volution des pratiques commerciales et des go\u00fbts, ces espaces sont devenus bien plus que de simples lieux de travail.<\/p>\n\n<p>Au XXe si\u00e8cle, les br\u00fbleries commencent \u00e0 diversifier leurs activit\u00e9s. Certaines deviennent aussi des lieux de vente o\u00f9 les clients peuvent non seulement acheter du caf\u00e9 torr\u00e9fi\u00e9 sur place, mais aussi s\u2019initier aux subtilit\u00e9s de la d\u00e9gustation. Ce glissement a enrichi la signification du mot \u00ab\u00a0br\u00fblerie\u00a0\u00bb, qui \u00e9voque d\u00e9sormais un espace o\u00f9 l\u2019on c\u00e9l\u00e8bre tout ce qui touche au caf\u00e9, de la transformation \u00e0 la consommation.<\/p>\n\n<p>De nos jours, la br\u00fblerie est souvent synonyme de qualit\u00e9 et d\u2019authenticit\u00e9. Avec le retour en force de l\u2019artisanat et l\u2019int\u00e9r\u00eat croissant pour le caf\u00e9 de sp\u00e9cialit\u00e9, de nombreuses br\u00fbleries mettent un point d\u2019honneur \u00e0 valoriser l\u2019origine des grains et les techniques de torr\u00e9faction. Ce renouveau s\u2019accompagne parfois d\u2019un design moderne et d\u2019une communication ax\u00e9e sur la transparence, mais l\u2019essence reste la m\u00eame : un amour pour le caf\u00e9 et le respect des traditions.<\/p>\n<hr class=\"wp-block-separator has-alpha-channel-opacity\" \/>\n<h2 class=\"wp-block-heading\"><strong>La br\u00fblerie aujourd&rsquo;hui : Une tradition r\u00e9invent\u00e9e<\/strong><\/h2>\n\n<p>Le mot \u00ab\u00a0br\u00fblerie\u00a0\u00bb a beau avoir une connotation ancienne, il est plus que jamais d\u2019actualit\u00e9. Dans un monde o\u00f9 les amateurs de caf\u00e9 recherchent l\u2019authenticit\u00e9 et l\u2019histoire derri\u00e8re chaque tasse, les br\u00fbleries occupent une place centrale. Elles incarnent une r\u00e9sistance face \u00e0 l\u2019industrialisation du caf\u00e9 et proposent une alternative bas\u00e9e sur le savoir-faire artisanal.<\/p>\n\n<p>En France, certaines br\u00fbleries historiques, comme <strong>la Br\u00fblerie des Gobelins \u00e0 Paris<\/strong> ou <strong>la Br\u00fblerie Caron<\/strong>, perp\u00e9tuent un h\u00e9ritage s\u00e9culaire tout en s\u2019adaptant aux tendances modernes. D&rsquo;autres, plus r\u00e9centes, s&rsquo;inscrivent dans la mouvance du caf\u00e9 de sp\u00e9cialit\u00e9, avec des torr\u00e9factions l\u00e9g\u00e8res qui mettent en valeur les particularit\u00e9s de chaque terroir.<\/p>\n\n<p>Pour les amateurs, visiter une br\u00fblerie est souvent une exp\u00e9rience \u00e0 part enti\u00e8re. Entre les parfums envo\u00fbtants, les explications passionn\u00e9es des artisans et la possibilit\u00e9 de repartir avec un caf\u00e9 fra\u00eechement torr\u00e9fi\u00e9, ces lieux offrent un v\u00e9ritable voyage sensoriel.<\/p>\n<hr class=\"wp-block-separator has-alpha-channel-opacity\" \/>\n<h2 class=\"wp-block-heading\"><strong>Un mot, une histoire : Ce que \u00ab\u00a0br\u00fblerie\u00a0\u00bb nous apprend sur le caf\u00e9<\/strong><\/h2>\n\n<p>Finalement, l\u2019histoire du mot \u00ab\u00a0br\u00fblerie\u00a0\u00bb illustre parfaitement l\u2019\u00e9volution de la culture du caf\u00e9 en France. Il t\u00e9moigne de l\u2019importance du processus de torr\u00e9faction, mais aussi du r\u00f4le des artisans dans la diffusion de cette boisson embl\u00e9matique. Plus qu\u2019un simple lieu de travail, la br\u00fblerie est devenue un symbole de savoir-faire, de passion et de partage.<\/p>\n\n<p>Alors, la prochaine fois que vous passerez devant une br\u00fblerie ou que vous d\u00e9gusterez un caf\u00e9 issu de l\u2019une d\u2019elles, prenez un moment pour r\u00e9fl\u00e9chir \u00e0 tout ce que ce mot \u00e9voque : le feu, la chaleur, l\u2019artisanat, et bien s\u00fbr, cet amour du caf\u00e9 qui transcende les si\u00e8cles.<\/p>\n\n<p>Et vous, avez-vous d\u00e9j\u00e0 visit\u00e9 une br\u00fblerie ? Partagez votre exp\u00e9rience, vos d\u00e9couvertes ou m\u00eame vos coups de c\u0153ur caf\u00e9in\u00e9s dans les commentaires. Car si le caf\u00e9 rassemble, la br\u00fblerie est sans doute l\u2019un des meilleurs endroits pour en faire l\u2019exp\u00e9rience !<\/p>\n\t\t\t\t\t\t\t\t<\/div>\n\t\t\t\t<\/div>\n\t\t\t\t\t<\/div>\n\t\t<\/div>\n\t\t\t\t\t<\/div>\n\t\t<\/section>\n\t\t\t\t<\/div>\n\t\t","protected":false},"excerpt":{"rendered":"<p>Quand on parle de caf\u00e9, les mots qui nous viennent \u00e0 l&rsquo;esprit sont souvent ceux li\u00e9s \u00e0 ses ar\u00f4mes, ses saveurs, ou encore aux rituels qui entourent sa consommation. Pourtant, un mot tout aussi \u00e9vocateur a su s\u2019inscrire dans l\u2019univers du caf\u00e9 en France : \u00ab\u00a0br\u00fblerie\u00a0\u00bb. Aujourd&rsquo;hui, il d\u00e9signe ces ateliers o\u00f9 le caf\u00e9 vert [&hellip;]<\/p>\n","protected":false},"author":1,"featured_media":2193,"comment_status":"closed","ping_status":"open","sticky":false,"template":"","format":"standard","meta":{"footnotes":""},"categories":[89],"tags":[],"class_list":["post-2363","post","type-post","status-publish","format-standard","has-post-thumbnail","hentry","category-lesaviezvous"],"_links":{"self":[{"href":"https:\/\/www.brulerie-chatelet.fr\/index.php?rest_route=\/wp\/v2\/posts\/2363","targetHints":{"allow":["GET"]}}],"collection":[{"href":"https:\/\/www.brulerie-chatelet.fr\/index.php?rest_route=\/wp\/v2\/posts"}],"about":[{"href":"https:\/\/www.brulerie-chatelet.fr\/index.php?rest_route=\/wp\/v2\/types\/post"}],"author":[{"embeddable":true,"href":"https:\/\/www.brulerie-chatelet.fr\/index.php?rest_route=\/wp\/v2\/users\/1"}],"replies":[{"embeddable":true,"href":"https:\/\/www.brulerie-chatelet.fr\/index.php?rest_route=%2Fwp%2Fv2%2Fcomments&post=2363"}],"version-history":[{"count":4,"href":"https:\/\/www.brulerie-chatelet.fr\/index.php?rest_route=\/wp\/v2\/posts\/2363\/revisions"}],"predecessor-version":[{"id":2427,"href":"https:\/\/www.brulerie-chatelet.fr\/index.php?rest_route=\/wp\/v2\/posts\/2363\/revisions\/2427"}],"wp:featuredmedia":[{"embeddable":true,"href":"https:\/\/www.brulerie-chatelet.fr\/index.php?rest_route=\/wp\/v2\/media\/2193"}],"wp:attachment":[{"href":"https:\/\/www.brulerie-chatelet.fr\/index.php?rest_route=%2Fwp%2Fv2%2Fmedia&parent=2363"}],"wp:term":[{"taxonomy":"category","embeddable":true,"href":"https:\/\/www.brulerie-chatelet.fr\/index.php?rest_route=%2Fwp%2Fv2%2Fcategories&post=2363"},{"taxonomy":"post_tag","embeddable":true,"href":"https:\/\/www.brulerie-chatelet.fr\/index.php?rest_route=%2Fwp%2Fv2%2Ftags&post=2363"}],"curies":[{"name":"wp","href":"https:\/\/api.w.org\/{rel}","templated":true}]}}